{"id":137984,"date":"2023-06-30T10:16:35","date_gmt":"2023-06-30T14:16:35","guid":{"rendered":"http:\/\/alexrighetto.art\/solo-art-exhibition-in-miami-photos-from-the-opening-and-closing-nights\/"},"modified":"2024-02-13T15:28:24","modified_gmt":"2024-02-13T20:28:24","slug":"mostra-darte-personale-a-miami-foto-dellinaugurazione-e-delle-serate-conclusive","status":"publish","type":"post","link":"https:\/\/www.alexrighetto.art\/it\/mostra-darte-personale-a-miami-foto-dellinaugurazione-e-delle-serate-conclusive\/","title":{"rendered":"Mostra d&#8217;arte personale a Miami: Foto delle serate di apertura e chiusura"},"content":{"rendered":"<div class=\"wpb-content-wrapper\"><div style=\"margin-top: 0px; margin-bottom: 0px;\" class=\"sharethis-inline-share-buttons\" ><\/div><p>[vc_row][vc_column width=&#8221;1\/1&#8243;][vc_column_text uncode_shortcode_id=&#8221;147205&#8243;]Due indimenticabili serate di luglio hanno segnato l&#8217;inaugurazione della mia mostra personale d&#8217;arte a Miami.<\/p>\n<p>Una grande affluenza di pubblico \u00e8 venuta ad ammirare le mie nuove opere e ad assistere a una performance dal vivo unica e straordinaria, con la <a title=\"La figlia della Monna Lisa\" href=\"https:\/\/www.monalisathedaughter.com\/\" target=\"_blank\" rel=\"noopener\" data-schema-attribute=\"about mentions\">figlia<\/a> della <a title=\"La figlia della Monna Lisa\" href=\"https:\/\/www.monalisathedaughter.com\/\" target=\"_blank\" rel=\"noopener\" data-schema-attribute=\"about mentions\">Monna Lisa<\/a>&#8220;.[\/vc_column_text][vc_gallery el_id=&#8221;gallery_miami_art_exhibition&#8221; medias=&#8221;136243,136246,136249,136252&#8243; gutter_size=&#8221;3&#8243; media_items=&#8221;media|lightbox|original,caption&#8221; screen_lg=&#8221;1000&#8243; screen_md=&#8221;600&#8243; screen_sm=&#8221;480&#8243; single_text=&#8221;under&#8221; single_width=&#8221;3&#8243; images_size=&#8221;one-one&#8221; single_overlay_opacity=&#8221;50&#8243; single_padding=&#8221;2&#8243; uncode_shortcode_id=&#8221;148341&#8243;][vc_column_text uncode_shortcode_id=&#8221;147997&#8243;]All&#8217;inizio della serata, durante l&#8217;inaugurazione della mostra, l&#8217;atmosfera era elettrizzante. La folla si \u00e8 radunata all&#8217;ingresso, con un senso di attesa palpabile nell&#8217;aria. Gli ospiti entusiasti hanno chiacchierato tra loro, ammirando l&#8217;allestimento in attesa dell&#8217;apertura delle porte. Le luci soffuse e l&#8217;arredamento elegante della galleria hanno creato un ambiente accogliente e sofisticato, mettendo perfettamente in risalto le opere d&#8217;arte esposte.<\/p>\n<p>[\/vc_column_text][\/vc_column][\/vc_row][vc_row][vc_column width=&#8221;1\/1&#8243;][vc_custom_heading uncode_shortcode_id=&#8221;573859&#8243;]Nuovi dipinti[\/vc_custom_heading][vc_column_text uncode_shortcode_id=&#8221;828462&#8243;]Oltre alla<strong>&#8220;Figlia della Monna Lisa<\/strong>&#8220;, ho debuttato con &#8220;La figlia della<strong>Monna<\/strong> Lisa&#8221;.<strong><br \/>\n  <a href=\"http:\/\/alexrighetto.art\/it\/prodotto\/il-guardiano-olio-su-tela\/\">Il guardiano<\/a><br \/>\n<\/strong>, &#8220;<a href=\"http:\/\/alexrighetto.art\/it\/prodotto\/resilienza-puma-olio-su-tela\/\">Resilienza<\/a>&#8220;, &#8220;<strong><br \/>\n  <a href=\"http:\/\/alexrighetto.art\/it\/prodotto\/donna-senza-nome-ritratto-astratto-olio-su-tela\/\">Donna senza nome<\/a><br \/>\n<\/strong>e molte altre opere.<\/p>\n<p>Queste opere appartengono a quattro diverse collezioni: &#8220;Renaissance Collection&#8221;,<a href=\"https:\/\/www.alexrighetto.art\/it\/collezioni\/collezione-radiance\/\">&#8220;Radiance<\/a>&#8220;, il primo pezzo della nuova collezione<a href=\"https:\/\/www.alexrighetto.art\/it\/collezioni\/collezione-perfettamente-imperfetto\/\">&#8220;Perfectly Imperfect<\/a>&#8221; e un trittico della<a href=\"https:\/\/www.alexrighetto.art\/it\/collezioni\/la-collezione-studio\/\">&#8220;Studio Collection<\/a>&#8220;.[\/vc_column_text][vc_gallery el_id=&#8221;gallery_miami_art_exhibition_new_paintings&#8221; medias=&#8221;136255,136258,136261,136264&#8243; gutter_size=&#8221;3&#8243; media_items=&#8221;media|lightbox|original,caption&#8221; screen_lg=&#8221;1000&#8243; screen_md=&#8221;600&#8243; screen_sm=&#8221;480&#8243; single_text=&#8221;under&#8221; single_width=&#8221;3&#8243; images_size=&#8221;one-one&#8221; single_overlay_opacity=&#8221;50&#8243; single_padding=&#8221;2&#8243; uncode_shortcode_id=&#8221;174958&#8243;][\/vc_column][\/vc_row][vc_row][vc_column width=&#8221;1\/1&#8243;][vc_custom_heading uncode_shortcode_id=&#8221;146792&#8243;]Serata di apertura[\/vc_custom_heading][vc_column_text uncode_shortcode_id=&#8221;928447&#8243;]Circa 200 persone hanno partecipato alla serata inaugurale. La folla si \u00e8 radunata all&#8217;ingresso mentre il curatore e il gallerista presentavano la mostra.<\/p>\n<p>Tra gli ospiti c&#8217;erano molte celebrit\u00e0 locali, influencer e persino un giornalista della <a href=\"https:\/\/en.wikipedia.org\/wiki\/RAI\" target=\"_blank\" rel=\"noopener\" data-schema-attribute=\"about\">RAI<\/a>, un importante canale televisivo italiano.[\/vc_column_text][vc_gallery el_id=&#8221;gallery-641366-121&#8243; medias=&#8221;136328&#8243; gutter_size=&#8221;3&#8243; media_items=&#8221;media|lightbox|original,icon,title,caption&#8221; screen_lg=&#8221;1000&#8243; screen_md=&#8221;600&#8243; screen_sm=&#8221;480&#8243; single_width=&#8221;12&#8243; images_size=&#8221;three-two&#8221; single_overlay_color=&#8221;color-jevc&#8221; single_overlay_coloration=&#8221;bottom_gradient&#8221; single_overlay_opacity=&#8221;78&#8243; single_overlay_visible=&#8221;yes&#8221; single_overlay_anim=&#8221;no&#8221; single_text_visible=&#8221;yes&#8221; single_v_position=&#8221;bottom&#8221; single_reduced=&#8221;three_quarter&#8221; single_padding=&#8221;3&#8243; single_title_dimension=&#8221;h2&#8243; single_border=&#8221;yes&#8221; uncode_shortcode_id=&#8221;140704&#8243;][\/vc_column][\/vc_row][vc_row][vc_column width=&#8221;1\/1&#8243;][vc_single_image media=&#8221;137282&#8243; media_width_use_pixel=&#8221;yes&#8221; alignment=&#8221;center&#8221; uncode_shortcode_id=&#8221;170264&#8243; media_width_pixel=&#8221;500&#8243;][\/vc_column][\/vc_row][vc_row][vc_column width=&#8221;1\/1&#8243;][vc_custom_heading uncode_shortcode_id=&#8221;302892&#8243;]Serata di chiusura[\/vc_custom_heading][vc_column_text uncode_shortcode_id=&#8221;186683&#8243;]La serata di chiusura \u00e8 stata pi\u00f9 intima, con circa 70 persone presenti in una calda serata di fine luglio. Ho avuto l&#8217;opportunit\u00e0 di visitare le mie opere e di spiegare i concetti alla base di &#8220;La figlia della Monna Lisa&#8221; e della collezione &#8220;Radiance&#8221;.<\/p>\n<p>Ho avuto il piacere di riallacciare i contatti con molti amici e collezionisti che hanno partecipato a entrambi gli eventi. Ho un forte legame con Miami, perch\u00e9 credo che abbia una scena artistica davvero vibrante e stimolante.[\/vc_column_text][vc_gallery el_id=&#8221;gallery-641366-121&#8243; medias=&#8221;136323&#8243; gutter_size=&#8221;3&#8243; media_items=&#8221;media|lightbox|original,icon,title,caption&#8221; screen_lg=&#8221;1000&#8243; screen_md=&#8221;600&#8243; screen_sm=&#8221;480&#8243; single_width=&#8221;12&#8243; images_size=&#8221;three-two&#8221; single_overlay_color=&#8221;color-jevc&#8221; single_overlay_coloration=&#8221;bottom_gradient&#8221; single_overlay_opacity=&#8221;78&#8243; single_overlay_visible=&#8221;yes&#8221; single_overlay_anim=&#8221;no&#8221; single_text_visible=&#8221;yes&#8221; single_v_position=&#8221;bottom&#8221; single_reduced=&#8221;three_quarter&#8221; single_padding=&#8221;3&#8243; single_title_dimension=&#8221;h2&#8243; single_border=&#8221;yes&#8221; uncode_shortcode_id=&#8221;110931&#8243;][vc_column_text uncode_shortcode_id=&#8221;115970&#8243;]Fare clic per vedere la galleria. Un grande ringraziamento a <a href=\"https:\/\/www.imdb.com\/name\/nm0869299\/\" target=\"_blank\" rel=\"nofollow noopener\"><br \/>\n  <strong>Isa Totah<\/strong><br \/>\n<\/a> per le immagini.[\/vc_column_text][vc_column_text uncode_shortcode_id=&#8221;286461&#8243;]Durante l&#8217;evento si \u00e8 percepito un senso di comunit\u00e0 e di passione condivisa per l&#8217;arte, con Alex al centro, non solo come creatore ma anche come guida entusiasta delle ricche narrazioni che il suo lavoro incarna.[\/vc_column_text][\/vc_column][\/vc_row][vc_row unlock_row_content=&#8221;yes&#8221; row_height_percent=&#8221;0&#8243; overlay_alpha=&#8221;50&#8243; gutter_size=&#8221;0&#8243; column_width_percent=&#8221;100&#8243; shift_y=&#8221;0&#8243; z_index=&#8221;0&#8243; el_class=&#8221;inverted-device-order&#8221; uncode_shortcode_id=&#8221;133846&#8243;][vc_column column_width_percent=&#8221;100&#8243; position_vertical=&#8221;middle&#8221; gutter_size=&#8221;3&#8243; overlay_alpha=&#8221;50&#8243; shift_x=&#8221;0&#8243; shift_y=&#8221;0&#8243; shift_y_down=&#8221;0&#8243; z_index=&#8221;2&#8243; medium_width=&#8221;0&#8243; mobile_width=&#8221;0&#8243; width=&#8221;2\/3&#8243; uncode_shortcode_id=&#8221;211058&#8243;][vc_empty_space empty_h=&#8221;2&#8243;][vc_custom_heading heading_semantic=&#8221;h3&#8243; text_size=&#8221;fontsize-ultra-h2&#8243; sub_lead=&#8221;yes&#8221; subheading=&#8221;- Marie Hern\u00e1ndez, CEO&#8221; uncode_shortcode_id=&#8221;264211&#8243;]&#8221; Alex Righetto, artista italiano di spicco, \u00e8 arrivato in Florida per evocare un sentimento rinascimentale contemporaneo, grazie alla morbidezza delle sue immagini e agli sguardi espressivi dei personaggi che dipinge.&#8221;[\/vc_custom_heading][\/vc_column][vc_column column_width_percent=&#8221;100&#8243; position_vertical=&#8221;middle&#8221; gutter_size=&#8221;3&#8243; overlay_alpha=&#8221;50&#8243; shift_x=&#8221;-3&#8243; shift_y=&#8221;0&#8243; shift_y_down=&#8221;0&#8243; z_index=&#8221;0&#8243; medium_width=&#8221;0&#8243; mobile_width=&#8221;0&#8243; width=&#8221;1\/3&#8243;][vc_single_image media=&#8221;136364&#8243; media_width_percent=&#8221;100&#8243; media_ratio=&#8221;four-three&#8221; shadow=&#8221;yes&#8221; shadow_weight=&#8221;lg&#8221; uncode_shortcode_id=&#8221;856982&#8243;][\/vc_column][\/vc_row][vc_row unlock_row_content=&#8221;yes&#8221; row_height_percent=&#8221;0&#8243; override_padding=&#8221;yes&#8221; h_padding=&#8221;2&#8243; top_padding=&#8221;2&#8243; bottom_padding=&#8221;5&#8243; overlay_alpha=&#8221;50&#8243; gutter_size=&#8221;0&#8243; column_width_percent=&#8221;100&#8243; shift_y=&#8221;0&#8243; z_index=&#8221;0&#8243; el_class=&#8221;inverted-device-order&#8221; uncode_shortcode_id=&#8221;155668&#8243;][vc_column column_width_percent=&#8221;100&#8243; position_vertical=&#8221;middle&#8221; gutter_size=&#8221;3&#8243; overlay_alpha=&#8221;50&#8243; shift_x=&#8221;0&#8243; shift_y=&#8221;0&#8243; shift_y_down=&#8221;0&#8243; z_index=&#8221;2&#8243; medium_width=&#8221;0&#8243; mobile_width=&#8221;0&#8243; width=&#8221;2\/3&#8243; uncode_shortcode_id=&#8221;211058&#8243;][vc_empty_space empty_h=&#8221;2&#8243;][vc_custom_heading heading_semantic=&#8221;h3&#8243; text_size=&#8221;fontsize-ultra-h2&#8243; sub_lead=&#8221;yes&#8221; subheading=&#8221;- Justin Molis, imprenditore&#8221; uncode_shortcode_id=&#8221;102516&#8243;]&#8221;La mostra di Alex Righetto \u00e8 un&#8217;esposizione eccellente e le spiegazioni delle sue creazioni sono state fonte di ispirazione&#8221;.[\/vc_custom_heading][\/vc_column][vc_column column_width_percent=&#8221;100&#8243; position_vertical=&#8221;middle&#8221; gutter_size=&#8221;3&#8243; overlay_alpha=&#8221;50&#8243; shift_x=&#8221;-3&#8243; shift_y=&#8221;0&#8243; shift_y_down=&#8221;0&#8243; z_index=&#8221;0&#8243; medium_width=&#8221;0&#8243; mobile_width=&#8221;0&#8243; width=&#8221;1\/3&#8243;][vc_single_image media=&#8221;136343&#8243; media_width_percent=&#8221;100&#8243; media_ratio=&#8221;four-three&#8221; shadow=&#8221;yes&#8221; shadow_weight=&#8221;lg&#8221; uncode_shortcode_id=&#8221;451932&#8243;][\/vc_column][\/vc_row][vc_row unlock_row=&#8221;&#8221; row_height_percent=&#8221;50&#8243; override_padding=&#8221;yes&#8221; h_padding=&#8221;2&#8243; top_padding=&#8221;6&#8243; bottom_padding=&#8221;2&#8243; back_image=&#8221;136258&#8243; overlay_color=&#8221;color-jevc&#8221; overlay_alpha=&#8221;50&#8243; gutter_size=&#8221;3&#8243; column_width_percent=&#8221;100&#8243; shift_y=&#8221;0&#8243; z_index=&#8221;0&#8243; uncode_shortcode_id=&#8221;351894&#8243; overlay_color_type=&#8221;uncode-palette&#8221; row_height_pixel=&#8221;400&#8243;][vc_column column_width_percent=&#8221;75&#8243; position_horizontal=&#8221;left&#8221; position_vertical=&#8221;bottom&#8221; gutter_size=&#8221;3&#8243; style=&#8221;dark&#8221; overlay_alpha=&#8221;50&#8243; shift_x=&#8221;0&#8243; shift_y=&#8221;0&#8243; shift_y_down=&#8221;0&#8243; z_index=&#8221;0&#8243; medium_width=&#8221;0&#8243; mobile_width=&#8221;0&#8243; width=&#8221;1\/1&#8243; uncode_shortcode_id=&#8221;585933&#8243;][vc_custom_heading heading_semantic=&#8221;h3&#8243; text_size=&#8221;fontsize-ultra-h2&#8243; uncode_shortcode_id=&#8221;110057&#8243;]Quando la storia dell&#8217;arte e il contemporaneo si allineano[\/vc_custom_heading][vc_column_text uncode_shortcode_id=&#8221;966791&#8243;]Conversazione con Luciane R. N. Garcez<br \/>\nProfessore presso l&#8217;Universit\u00e0 dello Stato di Santa Catarina &#8211; UDESC -, Florianopolis, Brasile.<br \/>\nCritico d&#8217;arte, curatore e artista indipendente.[\/vc_column_text][vc_button border_width=&#8221;0&#8243; link=&#8221;url:https%3A%2F%2Fwww.monalisathedaughter.com%2Fmona-lisas-daughter-painting%2Freviews%2Fwhen-art-history-and-the-contemporary-align|target:_blank|&#8221; uncode_shortcode_id=&#8221;544215&#8243;]Leggi l&#8217;articolo[\/vc_button][\/vc_column][\/vc_row][vc_row][vc_column width=&#8221;1\/1&#8243;][vc_custom_heading uncode_shortcode_id=&#8221;205540&#8243;]Cosa succeder\u00e0 a Miami?[\/vc_custom_heading][vc_column_text uncode_shortcode_id=&#8221;965935&#8243;]Il mio prossimo impegno a Miami sar\u00e0 durante Art Basel, nel dicembre 2023. Sar\u00e0 un&#8217;ottima occasione per immergersi nuovamente nella dinamica scena artistica della citt\u00e0.[\/vc_column_text][vc_single_image media=&#8221;134369&#8243; media_width_use_pixel=&#8221;yes&#8221; alignment=&#8221;center&#8221; uncode_shortcode_id=&#8221;166038&#8243; media_width_pixel=&#8221;500&#8243; media_link=&#8221;url:http%3A%2F%2Falexrighetto.art%2Fop%2Fvip-tickets-art-basel-miami-spectrum-red-dot-2023%2F&#8221;][vc_column_text uncode_shortcode_id=&#8221;160922&#8243;]Ottenete biglietti VIP gratuiti per l&#8217;accesso di 5 giorni alle fiere Spectrum Miami e Red Dot Miami.[\/vc_column_text][\/vc_column][\/vc_row][vc_row][vc_column width=&#8221;1\/1&#8243;][\/vc_column][\/vc_row]<\/p>\n<\/div>","protected":false},"excerpt":{"rendered":"<p>Nel cuore della vivace scena artistica di Miami, la serata inaugurale della mia mostra personale si \u00e8 svolta sotto il mite cielo di luglio. All&#8217;interno, i riflettori erano puntati sulle mie ultime creazioni, con la &#8220;figlia della Monna Lisa&#8221; al centro della scena, circondata da opere delle mie diverse collezioni come &#8220;Renaissance&#8221; e &#8220;Radiance&#8221;.<\/p>\n","protected":false},"author":13,"featured_media":136316,"comment_status":"open","ping_status":"open","sticky":false,"template":"","format":"image","meta":{"_acf_changed":false,"_lmt_disableupdate":"","_lmt_disable":"","footnotes":""},"categories":[828],"tags":[],"class_list":["post-137984","post","type-post","status-publish","format-image","has-post-thumbnail","hentry","category-mostre","post_format-post-format-image"],"acf":[],"modified_by":null,"_links":{"self":[{"href":"https:\/\/www.alexrighetto.art\/it\/wp-json\/wp\/v2\/posts\/137984","targetHints":{"allow":["GET"]}}],"collection":[{"href":"https:\/\/www.alexrighetto.art\/it\/wp-json\/wp\/v2\/posts"}],"about":[{"href":"https:\/\/www.alexrighetto.art\/it\/wp-json\/wp\/v2\/types\/post"}],"author":[{"embeddable":true,"href":"https:\/\/www.alexrighetto.art\/it\/wp-json\/wp\/v2\/users\/13"}],"replies":[{"embeddable":true,"href":"https:\/\/www.alexrighetto.art\/it\/wp-json\/wp\/v2\/comments?post=137984"}],"version-history":[{"count":0,"href":"https:\/\/www.alexrighetto.art\/it\/wp-json\/wp\/v2\/posts\/137984\/revisions"}],"wp:featuredmedia":[{"embeddable":true,"href":"https:\/\/www.alexrighetto.art\/it\/wp-json\/wp\/v2\/media\/136316"}],"wp:attachment":[{"href":"https:\/\/www.alexrighetto.art\/it\/wp-json\/wp\/v2\/media?parent=137984"}],"wp:term":[{"taxonomy":"category","embeddable":true,"href":"https:\/\/www.alexrighetto.art\/it\/wp-json\/wp\/v2\/categories?post=137984"},{"taxonomy":"post_tag","embeddable":true,"href":"https:\/\/www.alexrighetto.art\/it\/wp-json\/wp\/v2\/tags?post=137984"}],"curies":[{"name":"wp","href":"https:\/\/api.w.org\/{rel}","templated":true}]}}