{"id":136210,"date":"2023-11-28T18:34:47","date_gmt":"2023-11-28T23:34:47","guid":{"rendered":"http:\/\/alexrighetto.art\/?p=136210"},"modified":"2023-11-29T09:02:32","modified_gmt":"2023-11-29T14:02:32","slug":"larte-contro-labuso-sui-minori-e-il-traffico-degli-esseri-umani","status":"publish","type":"post","link":"https:\/\/www.alexrighetto.art\/it\/larte-contro-labuso-sui-minori-e-il-traffico-degli-esseri-umani\/","title":{"rendered":"L&#8217;arte Contro il Femminicidio,  l\u2019Abuso sui Minori e il Traffico degli Esseri Umani"},"content":{"rendered":"<div class=\"wpb-content-wrapper\"><div style=\"margin-top: 0px; margin-bottom: 0px;\" class=\"sharethis-inline-share-buttons\" ><\/div><p>[vc_row][vc_column][vc_custom_heading text_size=&#8221;h3&#8243; uncode_shortcode_id=&#8221;515331&#8243;]La pittura \u00e8 Intrattenimento?[\/vc_custom_heading][vc_column_text uncode_shortcode_id=&#8221;155468&#8243;]L\u2019arte, un\u2019attivit\u00e0 umana che apparentemente &#8216;non trova spazio&#8217; nella diretta razionalit\u00e0 quotidiana, riveste invece un ruolo addirittura primario nello sviluppo della societ\u00e0.<br \/>\nSe sei confuso da quest&#8217;affermazione, devo assolutamente darti alcune informazioni aggiuntive.<\/p>\n<p>Il motivo? L\u2019arte ha un potenziale di attrazione che \u00e8 addirittura unico nel suo genere. Musica, teatro, videogiochi\u2026 quante forme di intrattenimento abbiamo inventato?<br \/>\nSecondo i pi\u00f9 recenti dati sulle spese dei consumatori pubblicati dal Dipartimento del Lavoro degli Stati Uniti, i costi medi per l&#8217;intrattenimento hanno raggiunto 3.458 dollari per famiglia nel 2022.<\/p>\n<p>Le spese dei consumatori per l&#8217;intrattenimento domestico negli Stati Uniti nel 2022 sono state di 36 miliardi di dollari.<\/p>\n<p>E ancora, detto da Stan Lee, il creatore della Marvel: &#8216;L\u2019intrattenimento \u00e8 una delle cose pi\u00f9 importanti nella vita delle persone. Senza di esso, potrebbero perdere la ragione.'[\/vc_column_text][vc_single_image media=&#8221;136211&#8243; caption=&#8221;yes&#8221; media_width_use_pixel=&#8221;yes&#8221; alignment=&#8221;center&#8221; shadow=&#8221;yes&#8221; shadow_darker=&#8221;yes&#8221; uncode_shortcode_id=&#8221;111048&#8243; media_width_pixel=&#8221;400&#8243;][vc_column_text uncode_shortcode_id=&#8221;190529&#8243;]<\/p>\n<h4>Una mostra d&#8217;arte pu\u00f2 essere considerata intrattenimento?<\/h4>\n<p class=\"p1\">Perch\u00e9 non dovrebbe esserlo? Una mostra d&#8217;arte \u00e8 una forma di intrattenimento dove le persone vanno per elevarsi intellettualmente, per coltivare la loro mente.<\/p>\n<p>Le sette principali categorie delle belle arti comprendono Architettura, Musica, Pittura, Scultura, Poesia, Danza e Recitazione (che include sia il cinema che il teatro). Sebbene queste siano classificate come suddivisioni distinte, in realt\u00e0 tutte rientrano sotto l&#8217;unificante e ampia denominazione di &#8220;Arte&#8221;.<\/p>\n<p>\u00c8 evidente, quindi, che queste forme d&#8217;arte condividano delle similitudini pur mantenendo ciascuna delle caratteristiche distintive. Si frequenta il teatro per il piacere dello spettacolo dal vivo, mentre si va al cinema per immergersi in una narrazione visiva e coinvolgente.<\/p>\n<h4>Perch\u00e9 si va ad una mostra? Che si va a fare?<\/h4>\n<p>Renato Mannheimer, sociologo italiano e professore all&#8217;Universit\u00e0 di Milano-Bicocca, sostiene che le persone si avvicinano all&#8217;arte per trarne godimento o per senso di dovere. L&#8217;arte visiva, che va oltre il semplice piacere estetico, dovrebbe condurre gli spettatori in un viaggio sia emotivo che intellettuale.<\/p>\n<p>Philippe Daverio, rinomato critico d&#8217;arte, afferma che si dovrebbe visitare una mostra d&#8217;arte pi\u00f9 di una volta, poich\u00e9 la natura dell&#8217;arte visiva \u00e8 quella di essere esplorata e compresa attraverso molteplici interazioni.[\/vc_column_text][vc_column_text uncode_shortcode_id=&#8221;514338&#8243;]<\/p>\n<p class=\"p1\">In una recente conversazione con una gallerista, \u00e8 emersa una distinzione tra artisti <strong><a href=\"https:\/\/www.liveabout.com\/commercial-vs-fine-art-1295902\" target=\"_blank\" rel=\"noopener\">commerciali e istituzionali<\/a><\/strong>, dove i primi si concentrano sulla vendita delle loro opere, mentre i secondi sull&#8217;aspetto istituzionale dell\u2019arte.<\/p>\n<p>&nbsp;<\/p>\n<p>Questa distinzione, per\u00f2, sembra ignorare una realt\u00e0 fondamentale: tutti gli artisti devono vendere le proprie opere per vivere. Hanno famiglie e spese quotidiane da sostenere.<\/p>\n<p>In questo senso, tutti gli artisti sono, consciamente o meno, sia commerciali che istituzionali.<br \/>\nTuttavia, il punto di vista della gallerista implica che l&#8217;artista abbia un ruolo che trascende il mero lavoro pratico.<\/p>\n<p><strong>Essere artista \u00e8 una vocazione, una dedizione a scopi che superano il valore del denaro. <\/strong>Infatti, l&#8217;arte, nelle sue molteplici forme, visualizza storie e concetti che stimolano mente e cuore.<\/p>\n<p>Intrattenere \u00e8 un privilegio che pochi artisti riescono ad ottenere. Questa, in effetti, \u00e8 una grande responsabilit\u00e0 da portare avanti.[\/vc_column_text][vc_column_text uncode_shortcode_id=&#8221;155500&#8243;]<\/p>\n<h4>L\u2019arte pu\u00f2 prevedere il futuro?<\/h4>\n<p>Gli artisti, data la loro natura particolarmente sensibile, riescono ad intuire ci\u00f2 che sta avvenendo. Alcuni artisti hanno dimostrato di essere in grado di anticipare il futuro.<\/p>\n<p>Ne \u00e8 un esempio l&#8217;opera di <strong>Mark Wallinger: &#8216;Threshold to the Kingdom&#8217; (2000)<\/strong>, presentata alla Biennale di Venezia nel 2001, che precede drammaticamente gli eventi dell\u201911 settembre.<\/p>\n<p>L&#8217;opera mostra un aeroporto, la porta si apre mentre le persone scorrono al rallentatore, in un\u2019atmosfera drammatica e surreale.[\/vc_column_text][vc_single_image media=&#8221;136214&#8243; caption=&#8221;yes&#8221; media_width_percent=&#8221;60&#8243; alignment=&#8221;center&#8221; shadow=&#8221;yes&#8221; shadow_darker=&#8221;yes&#8221; uncode_shortcode_id=&#8221;311358&#8243; media_link=&#8221;url:https%3A%2F%2Fvimeo.com%2F403313134|target:_blank&#8221;][\/vc_column][\/vc_row][vc_row][vc_column][vc_custom_heading text_size=&#8221;h3&#8243; uncode_shortcode_id=&#8221;102527&#8243;]Il Dovere Civico ed Umano dell\u2019Artista[\/vc_custom_heading][vc_column_text uncode_shortcode_id=&#8221;214565&#8243;]Data la sensibilit\u00e0 tipica dell\u2019artista, \u00e8 altres\u00ec un dovere usare questo strumento per scopi sociali, che possano in qualche modo migliorare, aumentare, rinvigorire la societ\u00e0 in cui viviamo, che spesso \u00e8 popolata pi\u00f9 da spettatori che da elementi attivi.[\/vc_column_text][vc_column_text uncode_shortcode_id=&#8221;129209&#8243;]<strong><img decoding=\"async\" class=\"alignleft wp-image-127921 size-thumbnail\" src=\"http:\/\/alexrighetto.art\/wp-content\/uploads\/2023\/02\/kennedy-150x150.jpeg\" alt=\"\" width=\"150\" height=\"150\" title=\"\" srcset=\"https:\/\/www.alexrighetto.art\/wp-content\/uploads\/2023\/02\/kennedy-150x150.jpeg 150w, https:\/\/www.alexrighetto.art\/wp-content\/uploads\/2023\/02\/kennedy-348x348.jpeg 348w, https:\/\/www.alexrighetto.art\/wp-content\/uploads\/2023\/02\/kennedy-100x100.jpeg 100w\" sizes=\"(max-width: 150px) 100vw, 150px\" \/>\u00a0John F. Kennedy<\/strong>, nel suo discorso in onore di <strong><a href=\"https:\/\/www.jfklibrary.org\/learn\/about-jfk\/historic-speeches\/remarks-at-amherst-college-on-the-arts\" target=\"_blank\" rel=\"noopener\">Robert Frost<\/a><\/strong>, ha sottolineato il ruolo cruciale dell&#8217;artista nella societ\u00e0. Anche se si riferiva al ruolo del poeta, in realt\u00e0 possiamo estendere il concetto a tutta l\u2019arte.<br \/>\nGli artisti, secondo JFK, sono custodi della verit\u00e0 e della giustizia, usando la loro arte per sfidare e interrogare il potere e l\u2019autorit\u00e0.[\/vc_column_text][vc_column_text text_color=&#8221;accent&#8221; uncode_shortcode_id=&#8221;176574&#8243; text_color_type=&#8221;uncode-palette&#8221;]<strong>Ne parlo pi\u00f9 approfonditamente in questo articolo:<\/strong> <strong><a href=\"https:\/\/www.alexrighetto.art\/it\/perche-leducazione-artistica-e-importante\/\">perch\u00e9 l\u2019educazione artistica \u00e8 importante<\/a><\/strong>.[\/vc_column_text][vc_column_text uncode_shortcode_id=&#8221;122522&#8243;]<\/p>\n<h4>Quali sono i problemi su cui gli artisti si dovrebbero interrogare?<\/h4>\n<p>Quale giustizia andrebbe fatta? Difficile dirlo, perch\u00e9 questo \u00e8 un tema etico a cui ognuno di noi \u00e8 chiamato a rispondere. La mia esperienza personale mi ha messo di fronte a un problema.<\/p>\n<p>Dovendo aiutare Anastasia, una ragazzina di 12 anni, a crescere in questo mondo, spesso mi pongo determinate sfide che lei stessa affronta quotidianamente,<strong> come il ruolo dei social media nella formazione del suo carattere e dei suoi punti di vista, e di come questo possa aberrare il buon senso o il suo comportamento.<\/strong>[\/vc_column_text][vc_single_image media=&#8221;136217&#8243; caption=&#8221;yes&#8221; media_width_percent=&#8221;60&#8243; alignment=&#8221;center&#8221; shadow=&#8221;yes&#8221; shadow_darker=&#8221;yes&#8221; uncode_shortcode_id=&#8221;194659&#8243;][vc_column_text uncode_shortcode_id=&#8221;886005&#8243;]L\u2019accesso a Internet, infatti, per una persona non mentalmente preparata, connette istantaneamente a tre grandi macro problemi: la violenza sotto forma di bullismo ed altro, l&#8217;abuso sui minori e il traffico di esseri umani.<\/p>\n<p>Sembra che stia esagerando, ma purtroppo non \u00e8 cos\u00ec.<br \/>\nLa violenza che viene esercitata ogni giorno sui ragazzini \u00e8 quella di mostrare un mondo adulto dove concetti che non dovrebbero essere nella mente di un bambino vengono usati per intrattenimento.<\/p>\n<p>Modi di vestire che esasperano ed accentuano le forme del corpo sono ovviamente promossi da Instagram e TikTok e, dato che creano engagement, vengono promossi dai rispettivi algoritmi.[\/vc_column_text][vc_single_image media=&#8221;136223&#8243; caption=&#8221;yes&#8221; media_width_percent=&#8221;60&#8243; media_ratio=&#8221;one-one&#8221; alignment=&#8221;center&#8221; uncode_shortcode_id=&#8221;168273&#8243;][vc_column_text uncode_shortcode_id=&#8221;792063&#8243;]La completa e brutale &#8216;verit\u00e0&#8217; a proposito del sesso \u00e8 a portata di click o di ricerca per tutti i telefoni. Questo \u00e8 ovviamente il campo pi\u00f9 brutale che possa esistere in termini di educazione sessuale.<\/p>\n<p>La diseducazione porta a perpetuare la violenza che questi ragazzini ricercano nelle loro vite amorose.<\/p>\n<p>I social media sono anche un veicolo per l&#8217;adescamento dei minori e, se si crede che questa sia un&#8217;attivit\u00e0 remota, basta parlare con qualche vittima sopravvissuta per rendersi conto che non \u00e8 esattamente cos\u00ec.<\/p>\n<p>L\u2019abuso sui minori non avviene solo tramite social media, ci sono infatti istituzioni che, in un contesto dove la legge lascia ancora zone grigie, se ne approfittano ed usano i minori per trarne un lauto profitto.<\/p>\n<p>Se questo tema sembra duro e difficile da affrontare, sono d&#8217;accordo con te. Tuttavia, se ne deve diventare consapevoli per poterlo risolvere.[\/vc_column_text][\/vc_column][\/vc_row][vc_row][vc_column][vc_custom_heading uncode_shortcode_id=&#8221;270036&#8243;]La Violenza sulle donne, l\u2019Abuso sui Minori e il Traffico degli esseri umani[\/vc_custom_heading][vc_column_text uncode_shortcode_id=&#8221;164286&#8243;]Ci sono tre piaghe che affliggono l\u2019umanit\u00e0, e apparentemente da lungo tempo.[\/vc_column_text][vc_column_text uncode_shortcode_id=&#8221;110817&#8243;]<\/p>\n<h4>La violenza sulle donne<\/h4>\n<p>Recentemente, in Italia, il tema della violenza sulle donne ha continuato a essere una grave preoccupazione. Nel 2023, si sono verificati numerosi casi di femminicidio, con un numero allarmante di donne uccise<\/p>\n<p><strong><a href=\"https:\/\/www.nytimes.com\/2023\/11\/22\/world\/europe\/italy-giulia-cecchettin-violence-against-women.html\" target=\"_blank\" rel=\"noopener\">Il caso recente<\/a> <\/strong>che ha scosso l&#8217;Italia sul tema della violenza sulle donne riguarda Giulia Cecchettin, una giovane donna il cui corpo \u00e8 stato trovato il 18 novembre 2023 dai Vigili del fuoco nella zona di Barcis, in provincia di Pordenone, durante le ricerche per trovarla\u200b.[\/vc_column_text][vc_single_image media=&#8221;136220&#8243; caption=&#8221;yes&#8221; media_width_percent=&#8221;61&#8243; alignment=&#8221;center&#8221; uncode_shortcode_id=&#8221;343875&#8243;][vc_column_text uncode_shortcode_id=&#8221;144167&#8243;]<\/p>\n<h4>Abuso sui minori<\/h4>\n<p>L&#8217;abuso sui minori, un problema profondamente radicato in molte societ\u00e0, pu\u00f2 manifestarsi in diverse forme, tra cui lo sfruttamento tramite sistemi legali come il Baker Act in Florida o il TSO in Italia. Questi strumenti, originariamente pensati per proteggere, possono talvolta essere distorti per fini di lucro e controllo.[\/vc_column_text][vc_column_text uncode_shortcode_id=&#8221;723705&#8243;]<\/p>\n<h4>Traffico degli esseri umani<\/h4>\n<p>Parallelamente, il traffico di minori rimane un flagello globale, spesso occultato ma sempre presente, che richiede maggiore consapevolezza e azione diretta per il suo contrasto.<\/p>\n<p>Che cos\u2019e il traffico di esseri umani ? \u00e8 il rapimento di esseri umani, in genere bambini, ma non solo, per scopi malevoli, come lo sfruttamento della prostituzione.<\/p>\n<p>&nbsp;<\/p>\n<p>Le statistiche e le ricerche riguardanti l&#8217;abuso sui minori e il traffico umano rivelano l&#8217;urgenza di questi problemi.<\/p>\n<p>Fonti come l&#8217;UNICEF e l&#8217;FBI forniscono dati che illustrano non solo l&#8217;ampiezza di questi crimini, ma anche la necessit\u00e0 di una risposta pi\u00f9 forte e coordinata a livello globale, sottolineando la necessit\u00e0 di politiche e azioni efficaci.[\/vc_column_text][\/vc_column][\/vc_row][vc_row][vc_column][vc_custom_heading uncode_shortcode_id=&#8221;105219&#8243;]L&#8217;Arte come Strumento Sociale[\/vc_custom_heading][vc_column_text uncode_shortcode_id=&#8221;447857&#8243;]Cosa pu\u00f2 fare un\u2019artista di fronte a tutto questo? Forse non molto. Ma ci\u00f2 che si pu\u00f2 fare \u00e8 parlarne, rendere le persone consapevoli, non tramite shock o violenza, come fanno invece alcune testate giornalistiche (quasi tutti sanno che non si cura la violenza con un\u2019altra forma di violenza).<\/p>\n<p>Un artista, anche se potrebbe sembrare che possa fare poco di fronte a realt\u00e0 cos\u00ec gravi, ha in realt\u00e0 un potenziale enorme per influenzare e sensibilizzare la societ\u00e0.<br \/>\nGli artisti possono usare la loro arte come mezzo per comunicare, sensibilizzare ed educare. Attraverso diverse forme d&#8217;arte &#8211; che si tratti di pittura, scultura, musica, teatro, danza, cinema, o qualsiasi altra forma espressiva &#8211; gli artisti possono portare alla luce storie ed esperienze, creando una connessione emotiva che spesso va oltre ci\u00f2 che pu\u00f2 essere trasmesso con le sole parole.<\/p>\n<p class=\"p1\">In questo contesto, voglio presentare ci\u00f2 a cui ho lavorato, ci\u00f2 che credo possa essere utile per affrontare questo tema ed aiutarne il dialogo.<\/p>\n<p>[\/vc_column_text][vc_single_image media=&#8221;136155&#8243; media_width_percent=&#8221;100&#8243; uncode_shortcode_id=&#8221;775840&#8243;][\/vc_column][\/vc_row][vc_row row_height_percent=&#8221;0&#8243; override_padding=&#8221;yes&#8221; h_padding=&#8221;2&#8243; top_padding=&#8221;5&#8243; bottom_padding=&#8221;5&#8243; back_color=&#8221;color-xsdn&#8221; overlay_alpha=&#8221;50&#8243; gutter_size=&#8221;4&#8243; column_width_percent=&#8221;100&#8243; shift_y=&#8221;0&#8243; z_index=&#8221;0&#8243; inverted_device_order=&#8221;yes&#8221; uncode_shortcode_id=&#8221;109247&#8243; back_color_type=&#8221;uncode-palette&#8221;][vc_column column_width_percent=&#8221;100&#8243; position_horizontal=&#8221;left&#8221; position_vertical=&#8221;middle&#8221; gutter_size=&#8221;3&#8243; font_family=&#8221;font-136269&#8243; overlay_alpha=&#8221;50&#8243; shift_x=&#8221;0&#8243; shift_y=&#8221;0&#8243; shift_y_down=&#8221;0&#8243; z_index=&#8221;0&#8243; medium_width=&#8221;4&#8243; align_mobile=&#8221;align_center_mobile&#8221; mobile_width=&#8221;0&#8243; width=&#8221;1\/2&#8243; uncode_shortcode_id=&#8221;910195&#8243;][vc_custom_heading heading_semantic=&#8221;h3&#8243; text_size=&#8221;fontsize-ultra-h2&#8243; sub_lead=&#8221;yes&#8221; subheading=&#8221;La Collezione Radiance \u00e8 un esempio di come l&#8217;arte possa essere utilizzata per sensibilizzare e mobilitare l&#8217;opinione pubblica su temi critici come l&#8217;abuso sui minori e il traffico di esseri umani.<br \/>\nQueste opere d&#8217;arte, attraverso l\u2019espressione visiva ed emotiva, mirano a trasformare la percezione e l&#8217;atteggiamento del pubblico, stimolando un dialogo costruttivo e una maggiore consapevolezza sociale su temi che sono davvero importanti.&#8221; uncode_shortcode_id=&#8221;145156&#8243; text_color_type=&#8221;uncode-palette&#8221; text_color_solid=&#8221;#ff0000&#8243;]La Collezione Radiance[\/vc_custom_heading][vc_button button_color=&#8221;color-uydo&#8221; size=&#8221;btn-lg&#8221; outline=&#8221;yes&#8221; text_skin=&#8221;yes&#8221; border_width=&#8221;0&#8243; link=&#8221;url:http%3A%2F%2Falexrighetto.art%2Fit%2Fcollezioni%2Fcollezione-radiance%2F|title:La%20Collezione%20Radiance|target:_blank&#8221; button_color_type=&#8221;uncode-palette&#8221; uncode_shortcode_id=&#8221;944019&#8243;]Accedi alla collezione[\/vc_button][\/vc_column][vc_column column_width_percent=&#8221;100&#8243; gutter_size=&#8221;3&#8243; overlay_alpha=&#8221;50&#8243; shift_x=&#8221;0&#8243; shift_y=&#8221;0&#8243; shift_y_down=&#8221;0&#8243; z_index=&#8221;0&#8243; medium_width=&#8221;4&#8243; mobile_width=&#8221;0&#8243; width=&#8221;1\/2&#8243; el_class=&#8221;image-card image-card-inverted image-card-triple&#8221; uncode_shortcode_id=&#8221;222494&#8243;][vc_single_image media=&#8221;136157&#8243; media_width_percent=&#8221;100&#8243; media_ratio=&#8221;one-one&#8221; alignment=&#8221;right&#8221; shadow=&#8221;yes&#8221; shadow_weight=&#8221;std&#8221; uncode_shortcode_id=&#8221;309892&#8243;][vc_single_image media=&#8221;136064&#8243; media_width_percent=&#8221;100&#8243; media_ratio=&#8221;one-one&#8221; alignment=&#8221;right&#8221; shadow=&#8221;yes&#8221; shadow_weight=&#8221;std&#8221; css_animation=&#8221;parallax&#8221; parallax_intensity=&#8221;2&#8243; uncode_shortcode_id=&#8221;993915&#8243;][vc_single_image media=&#8221;136012&#8243; media_width_percent=&#8221;100&#8243; media_ratio=&#8221;one-one&#8221; alignment=&#8221;right&#8221; shadow=&#8221;yes&#8221; shadow_weight=&#8221;std&#8221; css_animation=&#8221;parallax&#8221; parallax_intensity=&#8221;3&#8243; uncode_shortcode_id=&#8221;175040&#8243;][\/vc_column][\/vc_row][vc_row row_height_percent=&#8221;0&#8243; override_padding=&#8221;yes&#8221; h_padding=&#8221;2&#8243; top_padding=&#8221;5&#8243; bottom_padding=&#8221;5&#8243; overlay_alpha=&#8221;50&#8243; gutter_size=&#8221;4&#8243; column_width_percent=&#8221;100&#8243; shift_y=&#8221;0&#8243; z_index=&#8221;0&#8243; uncode_shortcode_id=&#8221;124396&#8243;][vc_column column_width_percent=&#8221;100&#8243; gutter_size=&#8221;3&#8243; overlay_alpha=&#8221;50&#8243; shift_x=&#8221;0&#8243; shift_y=&#8221;0&#8243; shift_y_down=&#8221;0&#8243; z_index=&#8221;0&#8243; medium_width=&#8221;4&#8243; mobile_width=&#8221;0&#8243; width=&#8221;6\/12&#8243; el_class=&#8221;image-card image-card-triple&#8221; uncode_shortcode_id=&#8221;327674&#8243;][vc_single_image media=&#8221;136049&#8243; media_width_percent=&#8221;100&#8243; media_ratio=&#8221;one-one&#8221; alignment=&#8221;right&#8221; shadow=&#8221;yes&#8221; shadow_weight=&#8221;std&#8221; uncode_shortcode_id=&#8221;174516&#8243;][vc_single_image media=&#8221;136042&#8243; media_width_percent=&#8221;100&#8243; media_ratio=&#8221;one-one&#8221; alignment=&#8221;right&#8221; shadow=&#8221;yes&#8221; shadow_weight=&#8221;std&#8221; css_animation=&#8221;parallax&#8221; parallax_intensity=&#8221;2&#8243; uncode_shortcode_id=&#8221;140097&#8243;][vc_single_image media=&#8221;136030&#8243; media_width_percent=&#8221;100&#8243; media_ratio=&#8221;one-one&#8221; alignment=&#8221;right&#8221; shadow=&#8221;yes&#8221; shadow_weight=&#8221;std&#8221; css_animation=&#8221;parallax&#8221; parallax_intensity=&#8221;3&#8243; uncode_shortcode_id=&#8221;205396&#8243;][\/vc_column][vc_column column_width_percent=&#8221;100&#8243; position_horizontal=&#8221;left&#8221; position_vertical=&#8221;middle&#8221; gutter_size=&#8221;3&#8243; font_family=&#8221;font-136269&#8243; overlay_alpha=&#8221;50&#8243; shift_x=&#8221;0&#8243; shift_y=&#8221;0&#8243; shift_y_down=&#8221;0&#8243; z_index=&#8221;0&#8243; medium_width=&#8221;4&#8243; align_mobile=&#8221;align_center_mobile&#8221; mobile_width=&#8221;0&#8243; width=&#8221;6\/12&#8243; uncode_shortcode_id=&#8221;573911&#8243;][vc_custom_heading heading_semantic=&#8221;h3&#8243; text_size=&#8221;fontsize-ultra-h2&#8243; sub_lead=&#8221;yes&#8221; subheading=&#8221;La Collezione &#8220;Romeo e Giulietta&#8220; \u00e8 composta da una serie di quadri che narrano la famosa storia in un contesto diverso: cosa sarebbe successo se i due amanti non si fossero uccisi? Questo diventa una metafora di ci\u00f2 che ognuno di noi affronta per trovare e mantenere una relazione amorosa.<\/p>\n<p>In questo contesto, a mio avviso, rappresenta un&#8217;interessante analisi del rapporto tra uomo e donna e come tale relazione possa essere meno superficiale.&#8221; uncode_shortcode_id=&#8221;124428&#8243; text_color_type=&#8221;uncode-palette&#8221; text_color_solid=&#8221;#ff0000&#8243;]La Collezione Romeo e Giulietta[\/vc_custom_heading][vc_button button_color=&#8221;color-uydo&#8221; size=&#8221;btn-lg&#8221; outline=&#8221;yes&#8221; text_skin=&#8221;yes&#8221; border_width=&#8221;0&#8243; link=&#8221;url:https%3A%2F%2Fwww.romeoandjuliet.events%2F|title:Rome%20and%20Juliet|target:_blank&#8221; button_color_type=&#8221;uncode-palette&#8221; uncode_shortcode_id=&#8221;407032&#8243;]Vedi il sito dedicato[\/vc_button][\/vc_column][\/vc_row]<\/p>\n<\/div>","protected":false},"excerpt":{"rendered":"<p>Cosa pu\u00f2 fare un&#8217;artista contro le piaghe sociali che affliggono ognuno di noi? In realt\u00e0, c&#8217;\u00e8 molto che l&#8217;arte pu\u00f2 fare. In questo articolo spiego di cosa si tratta e quali temi possono suscitare un dialogo.<\/p>\n","protected":false},"author":13,"featured_media":0,"comment_status":"open","ping_status":"open","sticky":false,"template":"","format":"standard","meta":{"_acf_changed":false,"_lmt_disableupdate":"","_lmt_disable":"","footnotes":""},"categories":[938],"tags":[],"class_list":["post-136210","post","type-post","status-publish","format-standard","hentry","category-storie"],"acf":[],"modified_by":"Alex Righetto","_links":{"self":[{"href":"https:\/\/www.alexrighetto.art\/it\/wp-json\/wp\/v2\/posts\/136210","targetHints":{"allow":["GET"]}}],"collection":[{"href":"https:\/\/www.alexrighetto.art\/it\/wp-json\/wp\/v2\/posts"}],"about":[{"href":"https:\/\/www.alexrighetto.art\/it\/wp-json\/wp\/v2\/types\/post"}],"author":[{"embeddable":true,"href":"https:\/\/www.alexrighetto.art\/it\/wp-json\/wp\/v2\/users\/13"}],"replies":[{"embeddable":true,"href":"https:\/\/www.alexrighetto.art\/it\/wp-json\/wp\/v2\/comments?post=136210"}],"version-history":[{"count":0,"href":"https:\/\/www.alexrighetto.art\/it\/wp-json\/wp\/v2\/posts\/136210\/revisions"}],"wp:attachment":[{"href":"https:\/\/www.alexrighetto.art\/it\/wp-json\/wp\/v2\/media?parent=136210"}],"wp:term":[{"taxonomy":"category","embeddable":true,"href":"https:\/\/www.alexrighetto.art\/it\/wp-json\/wp\/v2\/categories?post=136210"},{"taxonomy":"post_tag","embeddable":true,"href":"https:\/\/www.alexrighetto.art\/it\/wp-json\/wp\/v2\/tags?post=136210"}],"curies":[{"name":"wp","href":"https:\/\/api.w.org\/{rel}","templated":true}]}}