{"id":133473,"date":"2023-09-17T15:29:56","date_gmt":"2023-09-17T19:29:56","guid":{"rendered":"http:\/\/alexrighetto.art\/?p=133473"},"modified":"2023-10-24T02:15:27","modified_gmt":"2023-10-24T06:15:27","slug":"sanremo-dove-ho-incontrato-sgarbi","status":"publish","type":"post","link":"https:\/\/www.alexrighetto.art\/it\/sanremo-dove-ho-incontrato-sgarbi\/","title":{"rendered":"Sanremo, dove ho incontrato Sgarbi."},"content":{"rendered":"<div class=\"wpb-content-wrapper\"><div style=\"margin-top: 0px; margin-bottom: 0px;\" class=\"sharethis-inline-share-buttons\" ><\/div><p>[vc_row][vc_column width=&#8221;1\/1&#8243;][vc_custom_heading uncode_shortcode_id=&#8221;795945&#8243;]Tour Europeo[\/vc_custom_heading][vc_single_image media=&#8221;133486&#8243; media_width_percent=&#8221;100&#8243; uncode_shortcode_id=&#8221;146387&#8243;][vc_column_text uncode_shortcode_id=&#8221;985754&#8243;]Il mio <strong>tour europeo<\/strong>, iniziato a Cannes lo scorso 5 settembre, ha raggiunto il suo terzo appuntamento, che si \u00e8 rivelato essere di fondamentale importanza sia per me che per l&#8217;organizzazione dell&#8217;evento stesso.<\/p>\n<p>Si \u00e8 trattato della prima biennale d\u2019arte organizzata nella pittoresca citt\u00e0 costiera di Sanremo, presso il celebre <strong>Teatro Ariston<\/strong>, con la partecipazione di ospiti eccezionali come <strong><a href=\"https:\/\/it.wikipedia.org\/wiki\/Angelo_Lorenzo_Crespi\" target=\"_blank\" rel=\"noopener\">Angelo Crespi<\/a><\/strong>, stimato giornalista e critico d&#8217;arte, e persino il sottosegretario italiano alla cultura, <strong><a href=\"https:\/\/it.wikipedia.org\/wiki\/Vittorio_Sgarbi\" target=\"_blank\" rel=\"noopener\">Vittorio Sgarbi<\/a><\/strong>, celebrit\u00e0 riconosciuta in Italia e all&#8217;estero nel campo dell\u2019arte.<\/p>\n<p>[\/vc_column_text][vc_gallery el_id=&#8221;gallery-148186&#8243; medias=&#8221;133496,133494,133500&#8243; gutter_size=&#8221;3&#8243; screen_lg=&#8221;1000&#8243; screen_md=&#8221;600&#8243; screen_sm=&#8221;480&#8243; images_size=&#8221;one-one&#8221; single_overlay_opacity=&#8221;50&#8243; single_padding=&#8221;2&#8243; uncode_shortcode_id=&#8221;133186&#8243;][vc_column_text uncode_shortcode_id=&#8221;213550&#8243;]Per chi non lo sapesse, Sanremo \u00e8 una affascinante citt\u00e0 costiera situata sulla Riviera ligure di ponente, nella regione nord-occidentale dell&#8217;Italia. \u00c8 nota per il suo clima mite durante tutto l&#8217;anno ed \u00e8 famosa in particolare per il Festival di Sanremo, uno dei pi\u00f9 prestigiosi eventi musicali in Italia.<\/p>\n<p>Il Teatro Ariston, celebre per essere la sede del Festival di Sanremo, \u00e8 considerato un&#8217;icona nella cultura musicale italiana e un punto di riferimento fondamentale per gli amanti della musica e dello spettacolo.<\/p>\n<p>Sono felice della sinergia di elementi che hanno contribuito al successo di questo terzo appuntamento.[\/vc_column_text][vc_single_image media=&#8221;133498&#8243; media_width_percent=&#8221;100&#8243; uncode_shortcode_id=&#8221;169116&#8243;][vc_empty_space][\/vc_column][\/vc_row][vc_row][vc_column width=&#8221;1\/1&#8243;][vc_custom_heading uncode_shortcode_id=&#8221;187604&#8243;]Una Nuova Collezione[\/vc_custom_heading][vc_column_text uncode_shortcode_id=&#8221;181217&#8243;]<\/p>\n<p class=\"p1\">Alla mia mostra personale a Miami, ho presentato gli ultimi lavori artistici della collezione &#8220;Radiance&#8221;, insieme alla &#8220;Figlia della Gioconda\u201d.<\/p>\n<p class=\"p1\">In questa occasione, ho scelto di esporre il pezzo pi\u00f9 recente della collezione &#8220;Radiance&#8221;: &#8220;La ragazza e il fenicottero&#8221;, oltre a un nuovo lavoro appartenente a una nuovissima collezione chiamata &#8220;Perfettamente Imperfetto&#8221;.<\/p>\n<p>[\/vc_column_text][vc_single_image media=&#8221;133488&#8243; media_width_percent=&#8221;100&#8243; uncode_shortcode_id=&#8221;978425&#8243;][vc_empty_space][\/vc_column][\/vc_row][vc_row][vc_column width=&#8221;1\/1&#8243;][vc_custom_heading uncode_shortcode_id=&#8221;868265&#8243;]Incontro con Vittorio Sgarbi[\/vc_custom_heading][vc_single_image media=&#8221;134448&#8243; media_width_percent=&#8221;100&#8243; uncode_shortcode_id=&#8221;502193&#8243;][vc_column_text uncode_shortcode_id=&#8221;202845&#8243;]Credo che la parte pi\u00f9 significativa dell&#8217;evento sia stata l&#8217;interessante incontro con il professor Vittorio Sgarbi, sottosegretario alla cultura italiano. Abbiamo avuto l&#8217;opportunit\u00e0 di avviare un dialogo sincero riguardo allo stato attuale dell\u2019arte.<\/p>\n<p>\u00c8 importante sottolineare che il professor Sgarbi ha una carriera straordinaria, avendo ricoperto incarichi come il curatore della Biennale di Venezia nel 2011, oltre a numerosi altri ruoli come parlamentare europeo e direttore del Museo di Trento.[\/vc_column_text][vc_empty_space][\/vc_column][\/vc_row][vc_row][vc_column width=&#8221;1\/1&#8243;][vc_custom_heading uncode_shortcode_id=&#8221;878901&#8243;]Incontro con Angelo Crespi[\/vc_custom_heading][vc_single_image media=&#8221;133490&#8243; media_width_percent=&#8221;100&#8243; uncode_shortcode_id=&#8221;752739&#8243;][vc_column_text uncode_shortcode_id=&#8221;128258&#8243;]Ho avuto l&#8217;opportunit\u00e0 di incontrare il Dottor Crespi, un noto giornalista e critico d&#8217;arte, altrettanto famoso in Italia.<\/p>\n<p>Quello che mi ha colpito di pi\u00f9 \u00e8 stata la sua esclamazione di meraviglia quando ha visto &#8220;La donna e il fenicottero&#8221;. \u00c8 stata davvero un&#8217;esperienza straordinaria.[\/vc_column_text][vc_empty_space][\/vc_column][\/vc_row][vc_row][vc_column width=&#8221;1\/1&#8243;][vc_column_text uncode_shortcode_id=&#8221;153952&#8243;]<\/p>\n<p class=\"p1\">In definitiva, questo terzo appuntamento del mio tour europeo \u00e8 stato un trionfo dell&#8217;arte e della cultura, arricchito da incontri significativi e dalla scoperta di nuove collezioni. Sono entusiasta di ci\u00f2 che il futuro riserva a questa straordinaria avventura artistica.<\/p>\n<p>[\/vc_column_text][vc_gallery el_id=&#8221;gallery-207487&#8243; medias=&#8221;133502,133504,133506,133508,133510,133512,133514,133516,133518,133520,133522&#8243; gutter_size=&#8221;3&#8243; screen_lg=&#8221;1000&#8243; screen_md=&#8221;600&#8243; screen_sm=&#8221;480&#8243; single_overlay_opacity=&#8221;50&#8243; single_padding=&#8221;2&#8243; uncode_shortcode_id=&#8221;338850&#8243;][\/vc_column][\/vc_row]<\/p>\n<\/div>","protected":false},"excerpt":{"rendered":"<p>Nel mio tour europeo, a Sanremo, ho incontrato il sottosegretario alla cultura italiano, Vittorio Sgarbi, e il giornalista Angelo Crespi, discutendo l&#8217;arte e le nuove collezioni.<\/p>\n","protected":false},"author":13,"featured_media":134448,"comment_status":"open","ping_status":"open","sticky":false,"template":"","format":"standard","meta":{"_acf_changed":false,"_lmt_disableupdate":"","_lmt_disable":"","footnotes":""},"categories":[938],"tags":[815],"class_list":["post-133473","post","type-post","status-publish","format-standard","has-post-thumbnail","hentry","category-storie","tag-mostre-italia"],"acf":[],"modified_by":"Alex Righetto","_links":{"self":[{"href":"https:\/\/www.alexrighetto.art\/it\/wp-json\/wp\/v2\/posts\/133473","targetHints":{"allow":["GET"]}}],"collection":[{"href":"https:\/\/www.alexrighetto.art\/it\/wp-json\/wp\/v2\/posts"}],"about":[{"href":"https:\/\/www.alexrighetto.art\/it\/wp-json\/wp\/v2\/types\/post"}],"author":[{"embeddable":true,"href":"https:\/\/www.alexrighetto.art\/it\/wp-json\/wp\/v2\/users\/13"}],"replies":[{"embeddable":true,"href":"https:\/\/www.alexrighetto.art\/it\/wp-json\/wp\/v2\/comments?post=133473"}],"version-history":[{"count":0,"href":"https:\/\/www.alexrighetto.art\/it\/wp-json\/wp\/v2\/posts\/133473\/revisions"}],"wp:featuredmedia":[{"embeddable":true,"href":"https:\/\/www.alexrighetto.art\/it\/wp-json\/wp\/v2\/media\/134448"}],"wp:attachment":[{"href":"https:\/\/www.alexrighetto.art\/it\/wp-json\/wp\/v2\/media?parent=133473"}],"wp:term":[{"taxonomy":"category","embeddable":true,"href":"https:\/\/www.alexrighetto.art\/it\/wp-json\/wp\/v2\/categories?post=133473"},{"taxonomy":"post_tag","embeddable":true,"href":"https:\/\/www.alexrighetto.art\/it\/wp-json\/wp\/v2\/tags?post=133473"}],"curies":[{"name":"wp","href":"https:\/\/api.w.org\/{rel}","templated":true}]}}